{"id":3230,"date":"2018-05-21T16:08:06","date_gmt":"2018-05-21T15:08:06","guid":{"rendered":"https:\/\/mu-architecture.fr\/?p=3230"},"modified":"2018-05-22T13:50:01","modified_gmt":"2018-05-22T12:50:01","slug":"liv-homy-coliving-cohabiter","status":"publish","type":"post","link":"https:\/\/mu-architecture.fr\/en\/liv-homy-coliving-cohabiter\/","title":{"rendered":"LIV\/ HOMY &#8211; Coliving, Cohabiter"},"content":{"rendered":"<p style=\"text-align: justify;\">A travers cette \u00e9tude de projets de cas r\u00e9alis\u00e9s tout autour du monde effectu\u00e9e dans le cadre de l&#8217;acc\u00e9l\u00e9rateur &#8220;FAIRE PARIS&#8221;, Christelle Gautreau et St\u00e9phanie Morio de <a href=\"https:\/\/www.bond-society.com\/\">BOND SOCIETY<\/a> interrogent les nouveaux mod\u00e8les du vivre ensemble, au sein de communaut\u00e9s diverses.\u00a0Prenant ses racines au c\u0153ur de\u00a0la naissance des nouvelles pratiques professionnelles (notamment plus nomades), l&#8217;endosmose du principe du partage des lieux de vie\u00a0professionnels dans les sph\u00e8res d&#8217;usages personnels s&#8217;av\u00e8re de plus en plus pr\u00e9gnante. De ce constat, relev\u00e9 au sein de cette \u00e9tude, \u00e9mergent des questions sur sa mise en pratique.<\/p>\n<p style=\"text-align: justify;\">\u200f<\/p>\n<p style=\"text-align: justify;\">Si les seuils de diff\u00e9renciation des diff\u00e9rents usages destin\u00e9s de ces espaces partag\u00e9s tendent \u00e0 diminuer, il n&#8217;en reste pas moins que des contraintes telles que r\u00e9glementations, normes, contextes techniques, financiers et \u00e9conomiques restent des facteurs limitants qui s&#8217;imposent comme autant de rep\u00e8res agissant sur les mod\u00e8les de la performance de ces lieux si particuliers dans leurs usages et leurs devenirs.<\/p>\n<p style=\"text-align: justify;\">\u200f<\/p>\n<p style=\"text-align: justify;\">De la typologie \u00e0 l&#8217;\u00e9quilibre financier en passant par la d\u00e9finition des publics d&#8217;usagers, <a href=\"https:\/\/www.homy-coliving.com\/\">HOMY <\/a>pr\u00e9sente une revue compl\u00e8te mais non exhaustive d&#8217;op\u00e9rations r\u00e9alis\u00e9es dans des cadres de coliving voire de coworking offrant une base pour jauger des caract\u00e9ristiques innovantes de ce nouveau type d&#8217;occupation de lieux.<\/p>\n<p style=\"text-align: justify;\">\u200f<\/p>\n<p style=\"text-align: justify;\">Distibu\u00e9 par la librairie du Pavillon de l&#8217;Arsenal.<\/p>\n<p>\u00a0\u200f<\/p>\n<p>un aper\u00e7u de\u00a0l&#8217;ouvrage : <a href=\"http:\/\/www.faireparis.com\/fr\/projets\/homy-concevoir-un-nouvel-habitat-pour-le-grand-paris-1302.html\">ici<\/a><\/p>\n<p>&nbsp;<\/p>\n","protected":false},"excerpt":{"rendered":"<p>A travers cette \u00e9tude de projets de cas r\u00e9alis\u00e9s tout autour du monde effectu\u00e9e dans le cadre de l&#8217;acc\u00e9l\u00e9rateur &#8220;FAIRE [&hellip;]<\/p>\n","protected":false},"author":3,"featured_media":3232,"comment_status":"closed","ping_status":"closed","sticky":false,"template":"","format":"standard","meta":{"footnotes":""},"categories":[129],"tags":[],"class_list":["post-3230","post","type-post","status-publish","format-standard","has-post-thumbnail","hentry","category-articles"],"yoast_head":"<!-- This site is optimized with the Yoast SEO plugin v24.4 - https:\/\/yoast.com\/wordpress\/plugins\/seo\/ -->\n<title>LIV\/ HOMY - Coliving, Cohabiter - MU Architecture<\/title>\n<meta name=\"robots\" content=\"index, follow, max-snippet:-1, max-image-preview:large, max-video-preview:-1\" \/>\n<link rel=\"canonical\" href=\"https:\/\/mu-architecture.fr\/en\/liv-homy-coliving-cohabiter\/\" \/>\n<meta property=\"og:locale\" content=\"en_US\" \/>\n<meta property=\"og:type\" content=\"article\" \/>\n<meta property=\"og:title\" content=\"LIV\/ HOMY - Coliving, Cohabiter - MU Architecture\" \/>\n<meta property=\"og:description\" content=\"A travers cette \u00e9tude de projets de cas r\u00e9alis\u00e9s tout autour du monde effectu\u00e9e dans le cadre de l&#8217;acc\u00e9l\u00e9rateur &#8220;FAIRE [&hellip;]\" \/>\n<meta property=\"og:url\" content=\"https:\/\/mu-architecture.fr\/en\/liv-homy-coliving-cohabiter\/\" \/>\n<meta property=\"og:site_name\" content=\"MU Architecture\" \/>\n<meta property=\"article:published_time\" content=\"2018-05-21T15:08:06+00:00\" \/>\n<meta property=\"article:modified_time\" content=\"2018-05-22T12:50:01+00:00\" \/>\n<meta property=\"og:image\" content=\"https:\/\/mu-architecture.fr\/wp-content\/uploads\/2018\/05\/01.0_article-revue-litt\u00e9raire-HOMY-e1526917301904.jpg\" \/>\n\t<meta property=\"og:image:width\" content=\"206\" \/>\n\t<meta property=\"og:image:height\" content=\"180\" \/>\n\t<meta property=\"og:image:type\" content=\"image\/jpeg\" \/>\n<meta name=\"author\" content=\"Mu Architecture\" \/>\n<meta name=\"twitter:card\" content=\"summary_large_image\" \/>\n<meta name=\"twitter:label1\" content=\"Written by\" \/>\n\t<meta name=\"twitter:data1\" content=\"Mu Architecture\" \/>\n\t<meta name=\"twitter:label2\" content=\"Est. reading time\" \/>\n\t<meta name=\"twitter:data2\" content=\"1 minute\" \/>\n<script type=\"application\/ld+json\" class=\"yoast-schema-graph\">{\"@context\":\"https:\/\/schema.org\",\"@graph\":[{\"@type\":\"WebPage\",\"@id\":\"https:\/\/mu-architecture.fr\/en\/liv-homy-coliving-cohabiter\/\",\"url\":\"https:\/\/mu-architecture.fr\/en\/liv-homy-coliving-cohabiter\/\",\"name\":\"LIV\/ HOMY - Coliving, Cohabiter - MU Architecture\",\"isPartOf\":{\"@id\":\"https:\/\/mu-architecture.fr\/en\/#website\"},\"primaryImageOfPage\":{\"@id\":\"https:\/\/mu-architecture.fr\/en\/liv-homy-coliving-cohabiter\/#primaryimage\"},\"image\":{\"@id\":\"https:\/\/mu-architecture.fr\/en\/liv-homy-coliving-cohabiter\/#primaryimage\"},\"thumbnailUrl\":\"https:\/\/mu-architecture.fr\/wp-content\/uploads\/2018\/05\/01.0_article-revue-litt\u00e9raire-HOMY-e1526917301904.jpg\",\"datePublished\":\"2018-05-21T15:08:06+00:00\",\"dateModified\":\"2018-05-22T12:50:01+00:00\",\"author\":{\"@id\":\"https:\/\/mu-architecture.fr\/en\/#\/schema\/person\/37b7609d7e5f79708e8d65fcc2442d6f\"},\"breadcrumb\":{\"@id\":\"https:\/\/mu-architecture.fr\/en\/liv-homy-coliving-cohabiter\/#breadcrumb\"},\"inLanguage\":\"en-US\",\"potentialAction\":[{\"@type\":\"ReadAction\",\"target\":[\"https:\/\/mu-architecture.fr\/en\/liv-homy-coliving-cohabiter\/\"]}]},{\"@type\":\"ImageObject\",\"inLanguage\":\"en-US\",\"@id\":\"https:\/\/mu-architecture.fr\/en\/liv-homy-coliving-cohabiter\/#primaryimage\",\"url\":\"https:\/\/mu-architecture.fr\/wp-content\/uploads\/2018\/05\/01.0_article-revue-litt\u00e9raire-HOMY-e1526917301904.jpg\",\"contentUrl\":\"https:\/\/mu-architecture.fr\/wp-content\/uploads\/2018\/05\/01.0_article-revue-litt\u00e9raire-HOMY-e1526917301904.jpg\",\"width\":206,\"height\":180},{\"@type\":\"BreadcrumbList\",\"@id\":\"https:\/\/mu-architecture.fr\/en\/liv-homy-coliving-cohabiter\/#breadcrumb\",\"itemListElement\":[{\"@type\":\"ListItem\",\"position\":1,\"name\":\"Home\",\"item\":\"https:\/\/mu-architecture.fr\/en\/\"},{\"@type\":\"ListItem\",\"position\":2,\"name\":\"LIV\/ HOMY &#8211; Coliving, Cohabiter\"}]},{\"@type\":\"WebSite\",\"@id\":\"https:\/\/mu-architecture.fr\/en\/#website\",\"url\":\"https:\/\/mu-architecture.fr\/en\/\",\"name\":\"MU Architecture\",\"description\":\"AJAP 2012\",\"potentialAction\":[{\"@type\":\"SearchAction\",\"target\":{\"@type\":\"EntryPoint\",\"urlTemplate\":\"https:\/\/mu-architecture.fr\/en\/?s={search_term_string}\"},\"query-input\":{\"@type\":\"PropertyValueSpecification\",\"valueRequired\":true,\"valueName\":\"search_term_string\"}}],\"inLanguage\":\"en-US\"},{\"@type\":\"Person\",\"@id\":\"https:\/\/mu-architecture.fr\/en\/#\/schema\/person\/37b7609d7e5f79708e8d65fcc2442d6f\",\"name\":\"Mu Architecture\",\"url\":\"https:\/\/mu-architecture.fr\/en\/author\/mu-architecture\/\"}]}<\/script>\n<!-- \/ Yoast SEO plugin. -->","yoast_head_json":{"title":"LIV\/ HOMY - Coliving, Cohabiter - MU Architecture","robots":{"index":"index","follow":"follow","max-snippet":"max-snippet:-1","max-image-preview":"max-image-preview:large","max-video-preview":"max-video-preview:-1"},"canonical":"https:\/\/mu-architecture.fr\/en\/liv-homy-coliving-cohabiter\/","og_locale":"en_US","og_type":"article","og_title":"LIV\/ HOMY - Coliving, Cohabiter - MU Architecture","og_description":"A travers cette \u00e9tude de projets de cas r\u00e9alis\u00e9s tout autour du monde effectu\u00e9e dans le cadre de l&#8217;acc\u00e9l\u00e9rateur &#8220;FAIRE [&hellip;]","og_url":"https:\/\/mu-architecture.fr\/en\/liv-homy-coliving-cohabiter\/","og_site_name":"MU Architecture","article_published_time":"2018-05-21T15:08:06+00:00","article_modified_time":"2018-05-22T12:50:01+00:00","og_image":[{"width":206,"height":180,"url":"https:\/\/mu-architecture.fr\/wp-content\/uploads\/2018\/05\/01.0_article-revue-litt\u00e9raire-HOMY-e1526917301904.jpg","type":"image\/jpeg"}],"author":"Mu Architecture","twitter_card":"summary_large_image","twitter_misc":{"Written by":"Mu Architecture","Est. reading time":"1 minute"},"schema":{"@context":"https:\/\/schema.org","@graph":[{"@type":"WebPage","@id":"https:\/\/mu-architecture.fr\/en\/liv-homy-coliving-cohabiter\/","url":"https:\/\/mu-architecture.fr\/en\/liv-homy-coliving-cohabiter\/","name":"LIV\/ HOMY - Coliving, Cohabiter - MU Architecture","isPartOf":{"@id":"https:\/\/mu-architecture.fr\/en\/#website"},"primaryImageOfPage":{"@id":"https:\/\/mu-architecture.fr\/en\/liv-homy-coliving-cohabiter\/#primaryimage"},"image":{"@id":"https:\/\/mu-architecture.fr\/en\/liv-homy-coliving-cohabiter\/#primaryimage"},"thumbnailUrl":"https:\/\/mu-architecture.fr\/wp-content\/uploads\/2018\/05\/01.0_article-revue-litt\u00e9raire-HOMY-e1526917301904.jpg","datePublished":"2018-05-21T15:08:06+00:00","dateModified":"2018-05-22T12:50:01+00:00","author":{"@id":"https:\/\/mu-architecture.fr\/en\/#\/schema\/person\/37b7609d7e5f79708e8d65fcc2442d6f"},"breadcrumb":{"@id":"https:\/\/mu-architecture.fr\/en\/liv-homy-coliving-cohabiter\/#breadcrumb"},"inLanguage":"en-US","potentialAction":[{"@type":"ReadAction","target":["https:\/\/mu-architecture.fr\/en\/liv-homy-coliving-cohabiter\/"]}]},{"@type":"ImageObject","inLanguage":"en-US","@id":"https:\/\/mu-architecture.fr\/en\/liv-homy-coliving-cohabiter\/#primaryimage","url":"https:\/\/mu-architecture.fr\/wp-content\/uploads\/2018\/05\/01.0_article-revue-litt\u00e9raire-HOMY-e1526917301904.jpg","contentUrl":"https:\/\/mu-architecture.fr\/wp-content\/uploads\/2018\/05\/01.0_article-revue-litt\u00e9raire-HOMY-e1526917301904.jpg","width":206,"height":180},{"@type":"BreadcrumbList","@id":"https:\/\/mu-architecture.fr\/en\/liv-homy-coliving-cohabiter\/#breadcrumb","itemListElement":[{"@type":"ListItem","position":1,"name":"Home","item":"https:\/\/mu-architecture.fr\/en\/"},{"@type":"ListItem","position":2,"name":"LIV\/ HOMY &#8211; Coliving, Cohabiter"}]},{"@type":"WebSite","@id":"https:\/\/mu-architecture.fr\/en\/#website","url":"https:\/\/mu-architecture.fr\/en\/","name":"MU Architecture","description":"AJAP 2012","potentialAction":[{"@type":"SearchAction","target":{"@type":"EntryPoint","urlTemplate":"https:\/\/mu-architecture.fr\/en\/?s={search_term_string}"},"query-input":{"@type":"PropertyValueSpecification","valueRequired":true,"valueName":"search_term_string"}}],"inLanguage":"en-US"},{"@type":"Person","@id":"https:\/\/mu-architecture.fr\/en\/#\/schema\/person\/37b7609d7e5f79708e8d65fcc2442d6f","name":"Mu Architecture","url":"https:\/\/mu-architecture.fr\/en\/author\/mu-architecture\/"}]}},"_links":{"self":[{"href":"https:\/\/mu-architecture.fr\/en\/wp-json\/wp\/v2\/posts\/3230","targetHints":{"allow":["GET"]}}],"collection":[{"href":"https:\/\/mu-architecture.fr\/en\/wp-json\/wp\/v2\/posts"}],"about":[{"href":"https:\/\/mu-architecture.fr\/en\/wp-json\/wp\/v2\/types\/post"}],"author":[{"embeddable":true,"href":"https:\/\/mu-architecture.fr\/en\/wp-json\/wp\/v2\/users\/3"}],"replies":[{"embeddable":true,"href":"https:\/\/mu-architecture.fr\/en\/wp-json\/wp\/v2\/comments?post=3230"}],"version-history":[{"count":10,"href":"https:\/\/mu-architecture.fr\/en\/wp-json\/wp\/v2\/posts\/3230\/revisions"}],"predecessor-version":[{"id":3254,"href":"https:\/\/mu-architecture.fr\/en\/wp-json\/wp\/v2\/posts\/3230\/revisions\/3254"}],"wp:featuredmedia":[{"embeddable":true,"href":"https:\/\/mu-architecture.fr\/en\/wp-json\/wp\/v2\/media\/3232"}],"wp:attachment":[{"href":"https:\/\/mu-architecture.fr\/en\/wp-json\/wp\/v2\/media?parent=3230"}],"wp:term":[{"taxonomy":"category","embeddable":true,"href":"https:\/\/mu-architecture.fr\/en\/wp-json\/wp\/v2\/categories?post=3230"},{"taxonomy":"post_tag","embeddable":true,"href":"https:\/\/mu-architecture.fr\/en\/wp-json\/wp\/v2\/tags?post=3230"}],"curies":[{"name":"wp","href":"https:\/\/api.w.org\/{rel}","templated":true}]}}